{"provider_url": "https://www.constantina.rs.leg.br", "title": "Vereador Alu\u00edsio Faz Indica\u00e7\u00e3o Verbal", "html": "\r\n<p align=\"center\" style=\"text-align: left;\"><span style=\"text-align: justify;\">&nbsp;&nbsp;</span><span style=\"text-align: justify;\">O\r\nvereador Alu\u00edsio Valle (PMDB) ressaltou a import\u00e2ncia de serem replantadas as\r\n\u00e1rvores que foram retiradas na Pra\u00e7a Get\u00falio Vargas e fez uma indica\u00e7\u00e3o verbal\r\npara que sejam cortados mais 2 pinheiros pr\u00f3ximos \u00e0 figueira localizada em\r\nfrente a resid\u00eancia do SR. Hermeto Ara\u00fajo, na Pra\u00e7a. Segundo o edil, a \u00e1rvore \u00e9\r\num s\u00edmbolo da hist\u00f3ria da Pra\u00e7a e n\u00e3o est\u00e1 tendo a visibilidade que merece. </span><span style=\"text-align: justify;\">&nbsp;</span><span style=\"text-align: justify;\">Tamb\u00e9m saudou o Programa mais M\u00e9dicos do\r\nGoverno Federal, pois, segundo o vereador, </span><span style=\"text-align: justify;\">&nbsp;</span><span style=\"text-align: justify;\">muitas demandas na \u00e1rea da sa\u00fade foram sanadas\r\ncom este programa. Sobre a Feicomel 2014 o vereador mostrou preocupa\u00e7\u00e3o quanto\r\na mesma. \u201cTendo em vista, que o valor que est\u00e1 sendo cobrado dos expositores de\r\nfora do munic\u00edpio ser muito elevado, me preocupa um pouco se teremos uma feira\r\ncom o tamanho e o sucesso que foram as demais, pois temos que avaliar que al\u00e9m\r\ndo box os expositores que vem de outros munic\u00edpios gastam com hospedagem e\r\nalimenta\u00e7\u00e3o e se o custo for muito alto fica invi\u00e1vel participar de nossa\r\nfeira\u201d, destacou.</span></p>\r\n", "author_name": "fernandamarcondes", "version": "1.0", "author_url": "https://www.constantina.rs.leg.br/author/fernandamarcondes", "provider_name": "C\u00e2mara Municipal", "type": "rich"}