{"provider_url": "https://www.constantina.rs.leg.br", "title": "Vereador Ari parabenizou o CTG Taquaru\u00e7u", "html": "\r\n<p align=\"center\" style=\"text-align: left;\"><span style=\"text-align: justify;\">Em seu\r\npronunciamento, o vereador Ari Giacomini (PSDB) destacou o sucesso do\r\n\u201cAcampamento Farrapo 2015\u201c, realizado na Pra\u00e7a Get\u00falio Vargas, de 13 a 20 de\r\nsetembro: \u201cEst\u00e3o de parab\u00e9ns todos os ga\u00fachos e ga\u00fachas que participaram do\r\nevento. Em especial a parceria entre a Administra\u00e7\u00e3o Municipal e o CTG\r\nTaquaru\u00e7u, respons\u00e1veis diretos pela organiza\u00e7\u00e3o do evento\u201d. O vereador\r\ndiscordou em rela\u00e7\u00e3o \u00e0 opini\u00e3o do colega Dorvalino Cazaroto, em rela\u00e7\u00e3o a\r\nlocaliza\u00e7\u00e3o da nova escola municipal, que est\u00e1 sendo constru\u00edda nas imedia\u00e7\u00f5es\r\ndo Parque de M\u00e1quinas: \u201cEsta obra necessitava de uma \u00e1rea de tamanho\r\nconsider\u00e1vel. As demais \u00e1reas do per\u00edmetro urbano ou n\u00e3o est\u00e3o a venda ou s\u00e3o\r\nmuito caras. A fam\u00edlia do seu Dav\u00ednio De Carli fez um pre\u00e7o acess\u00edvel ao\r\nmunic\u00edpio. Esta obra permitir\u00e1 a expans\u00e3o e o consequente desenvolvimento da\r\ncidade em dire\u00e7\u00e3o aos bairros Sete de Setembro e Bela Vista. Al\u00e9m disso, no meu\r\nponto de vista, a sa\u00edda do \u201cParque de M\u00e1quinas\u201d ser\u00e1 ben\u00e9fica \u00e0quela regi\u00e3o,\r\nsem falar que restar\u00e3o v\u00e1rios terrenos \u00e0 municipalidade, para outros fins, ou\r\nat\u00e9 mesmo, para vender \u00e0 popula\u00e7\u00e3o\u201d. Por fim, de posse da \u00faltima edi\u00e7\u00e3o do\r\nJornal Folha da Produ\u00e7\u00e3o, que trazia a not\u00edcia de que o Deputado Petista\r\nDionilson Marcon cedeu uma emenda de R$ 500.000,00 \u00e0 Ronda Alta. Solicitou aos\r\ncolegas do PT, apoiadores do referido Deputado, \u201cpara que pleiteiem junto ao\r\nmesmo uma emenda tamb\u00e9m para Constantina, haja vista, que o mesmo sempre obt\u00e9m\r\nexpressivas vota\u00e7\u00f5es </span><a style=\"text-align: justify;\" name=\"_GoBack\"></a><span style=\"text-align: justify;\">em nosso munic\u00edpio\u201d.&nbsp;</span></p>\r\n", "author_name": "fernandamarcondes", "version": "1.0", "author_url": "https://www.constantina.rs.leg.br/author/fernandamarcondes", "provider_name": "C\u00e2mara Municipal", "type": "rich"}