{"provider_url": "https://www.constantina.rs.leg.br", "title": "Vereador Ari Ressalta Assuntos Diversos", "html": "\r\n<p align=\"center\" style=\"text-align: left;\"><strong style=\"text-align: justify;\">&nbsp;<span class=\"apple-converted-space\">&nbsp;</span></strong><span style=\"text-align: justify;\">Ao fazer uso da palavra o Vereador Ari\r\nGiacomini (PSDB) comentou sobre o Projeto 86/2013 que cria o Conselho da Mulher\r\nem Constantina que est\u00e1 em estudos junto a Casa Legislativa \u201cele ainda n\u00e3o foi\r\napreciado pois, os vereadores est\u00e3o tentando promover um acordo entre o\r\nExecutivo e as entidades quanto a composi\u00e7\u00e3o do Conselho, provavelmente ser\u00e1\r\nvotado na pr\u00f3xima sess\u00e3o\u201d, explicou. Mostrou apoio a indica\u00e7\u00e3o de ilumina\u00e7\u00e3o do\r\nPAC II no entanto, explicou sobre os atrasos na inaugura\u00e7\u00e3o da obra :\u201cQuanto a\r\ninaugura\u00e7\u00e3o do PAC II (Projeto Nova Vida)&nbsp; esta atrasou muito em\r\nvirtude&nbsp; de erros nos cadastros das pessoas beneficiadas; A inaugura\u00e7\u00e3o\r\noficial ser\u00e1 realizada em breve\u201d, salientou.&nbsp; Quanto a via de acesso ao\r\nmunic\u00edpio de Constantina o vereador ressaltou que \u00e9 necess\u00e1rio uma aten\u00e7\u00e3o\r\nespecial neste trecho \u201cRealmente acreditamos que \u00e9 necess\u00e1rio: ou &nbsp;mudamos\r\no sentido da preferencial, ou instalamos um redutor de velocidade, pois muitas\r\npessoas que vem de outros munic\u00edpios &nbsp;n\u00e3o sabem que a preferencial \u00e9 a Rua\r\nNereu Ramos,\u201d enfatizou.</span></p>\r\n", "author_name": "fernandamarcondes", "version": "1.0", "author_url": "https://www.constantina.rs.leg.br/author/fernandamarcondes", "provider_name": "C\u00e2mara Municipal", "type": "rich"}