{"provider_url": "https://www.constantina.rs.leg.br", "title": "Vereador Edemar Apresenta Indica\u00e7\u00e3o", "html": "\r\n<p align=\"center\" style=\"text-align: left;\"><span style=\"text-align: justify;\">Na \u00faltima sess\u00e3o\r\n(04-05-15) o vereador Edemar Muneron (PDT) apresentou a Indica\u00e7\u00e3o n\u00ba 06/2015\r\nque solicita que o Poder Executivo providencie a transfer\u00eancia de um ponto de\r\nt\u00e1xi para as imedia\u00e7\u00f5es do novo f\u00f3rum. \u201cO Poder Judici\u00e1rio construiu um pr\u00e9dio\r\nnovo na Rua Ulisses Giacomini, trata-se um o novo f\u00f3rum da Comarca. Por ele estar\r\nlocalizado longe do centro da cidade e n\u00e3o existir nenhum ponto de t\u00e1xi\r\nnaquelas proximidades indicamos para que seja transferido um ponto de t\u00e1xi\r\nnaquele local,\u201d justificou. Fez um pedido verbal para que seja providenciada\r\nilumina\u00e7\u00e3o na Rua Jo\u00e3o Gravi no Bairro S\u00e3o Roque para a seguran\u00e7a dos\r\nmoradores. Destacou que foi reiniciado os trabalhos junto a Funda\u00e7\u00e3o S\u00e3o Roque\r\nonde j\u00e1 possui aproximadamente 50 crian\u00e7as matriculadas. \u201cA funda\u00e7\u00e3o S\u00e3o Roque\r\nest\u00e1 recebendo algumas melhorias e adequa\u00e7\u00f5es no local para melhor atender as\r\ncrian\u00e7as que ir\u00e3o frequentar este espa\u00e7o e tamb\u00e9m naquele local ser\u00e1 cedido\r\npara o grupo da terceira idade tamb\u00e9m realizar as suas atividades, uma\r\nimportante entidade que volta a funcionar em nosso munic\u00edpio\u201d, finalizou.</span></p>\r\n", "author_name": "fernandamarcondes", "version": "1.0", "author_url": "https://www.constantina.rs.leg.br/author/fernandamarcondes", "provider_name": "C\u00e2mara Municipal", "type": "rich"}