{"provider_url": "https://www.constantina.rs.leg.br", "title": "Vereador Gerri faz pedido de Provid\u00eancias", "html": "\r\n<p style=\"text-align: justify;\">O vereador Gerri Sawaris (PT) em\r\nseu pronunciamento fez pedido de provid\u00eancias com rela\u00e7\u00e3o a conclus\u00e3o das\r\npontes no interior do munic\u00edpio. O vereador ressaltou a import\u00e2ncia da conclus\u00e3o\r\ndestas obras e da expectativa frustrada das comunidades. Tamb\u00e9m cobrou do\r\nExecutivo municipal a resposta do Pedido de Informa\u00e7\u00e3o 02/2013 que at\u00e9 a\r\npresente sess\u00e3o (04/07/13) n\u00e3o havia sido entregue a Casa Legislativa tendo em\r\nvista que havia sido protocolado no in\u00edcio do m\u00eas de abril \u201cEst\u00e1 havendo um\r\ndesrespeito e o descumprimento das leis\u201d, enfatizou. Na oportunidade, o\r\nvereador saudou a dire\u00e7\u00e3o do Jornal Integra\u00e7\u00e3o Regional pelo belo trabalho e\r\npela amplia\u00e7\u00e3o de p\u00e1ginas e abrang\u00eancia do mesmo. Parabenizou a Escola\r\nMunicipal de Educa\u00e7\u00e3o Infantil (EMEI) pela atividade realizada na festa de S\u00e3o\r\nJo\u00e3o. \u201cEstas atividades ressaltam a import\u00e2ncia destas escolas de educa\u00e7\u00e3o\r\ninfantil no munic\u00edpio, pois esta primeira etapa da educa\u00e7\u00e3o das crian\u00e7as \u00e9\r\nindispens\u00e1vel para o seu desenvolvimento\u201d, destacou.&nbsp;</p>\r\n<p style=\"text-align: justify;\">&nbsp;</p>\r\n<p style=\"text-align: justify;\">Com rela\u00e7\u00e3o \u00e0 educa\u00e7\u00e3o, o\r\nvereador tamb\u00e9m comentou sobre a modalidade de ensino polit\u00e9cnico adotado pelo\r\nEstado. \u201cSegundo uma pesquisa interna na escola S\u00e3o Jos\u00e9 80% dos alunos\r\nentrevistados aprovam esta nova modalidade e apenas 7% n\u00e3o aprovam.\r\nPrecisar\u00edamos de muito mais estrutura para uma educa\u00e7\u00e3o de mais qualidade, no\r\nentanto, \u00e9 louv\u00e1vel a iniciativa do Estado porque intriga a pesquisa dos jovens\r\ndo ensino m\u00e9dio e remete a pensarem a v\u00e1rios assuntos da nossa realidade\u201d,\r\nenfatizou. Saudou a Secretaria de Obras pelo trabalho realizado no Bairro Bela\r\nVista, no cascalhamento das ruas, coloca\u00e7\u00e3o de lixeiras etc. por\u00e9m, solicitou a\r\ninstala\u00e7\u00e3o de ilumina\u00e7\u00e3o p\u00fablica nos bairros novos que ainda n\u00e3o tem. O\r\nvereador mencionou a import\u00e2ncia dos programas preventivos na \u00e1rea da sa\u00fade\r\ndando \u00eanfase ao programa de sa\u00fade mental pois, comentou que muito se gasta em\r\nrem\u00e9dios com este grupo. Finalizou parabenizando a assessoria de comunica\u00e7\u00e3o\r\npelas atualiza\u00e7\u00f5es do site do Poder Legislativo e convidou para que as pessoas\r\nacessem <a href=\"https://www.constantina.rs.leg.br/\">www.constantina.rs.leg.br</a>\r\ne confiram o trabalho dos edis.</p>\r\n", "author_name": "fernandamarcondes", "version": "1.0", "author_url": "https://www.constantina.rs.leg.br/author/fernandamarcondes", "provider_name": "C\u00e2mara Municipal", "type": "rich"}