{"provider_url": "https://www.constantina.rs.leg.br", "title": "Vereador L\u00edrio Destaca Novembro Azul", "html": "\r\n<p align=\"center\" style=\"text-align: left;\"><span style=\"text-align: justify;\">&nbsp; Ao se pronunciar o vereador L\u00edrio Rigon (PP) fez um chamamento para que os\r\nhomens lembrem dos exames preventivos e junte-se a Campanha do Novembro Azul.\r\n\u201cComo tivemos o outubro rosa para a preven\u00e7\u00e3o do c\u00e2ncer de mama o novembro azul\r\n\u00e9 voltado \u00e0 preven\u00e7\u00e3o do c\u00e2ncer de pr\u00f3stata, fica o nosso chamamento para que\r\nos homens abracem esta causa e fa\u00e7am os exames preventivos\u201d, destacou. Com\r\nrela\u00e7\u00e3o a ilumina\u00e7\u00e3o p\u00fablica o vereador saudou as melhorias que foram feitas e\r\ncomentou que \u00e9 necess\u00e1rio continuar pois \u201ca ilumina\u00e7\u00e3o p\u00fablica de qualidade \u00e9\r\ntamb\u00e9m uma forma de seguran\u00e7a\u201d, salientou. O vereador tamb\u00e9m mostrou\r\npreocupa\u00e7\u00e3o com rela\u00e7\u00e3o ao mundo das drogas. \u201cH\u00e1 uma preocupa\u00e7\u00e3o muito grande\r\ncom rela\u00e7\u00e3o a este problema, fica o alerta a todos os pais, a sociedade, para\r\nque juntos possamos combater este mal que est\u00e1 cada vez mais perto de n\u00f3s\u201d,\r\nenfatizou. Concluiu com o lema \u201cFazer o bem sem olhar a quem\u201d.</span></p>\r\n", "author_name": "fernandamarcondes", "version": "1.0", "author_url": "https://www.constantina.rs.leg.br/author/fernandamarcondes", "provider_name": "C\u00e2mara Municipal", "type": "rich"}