{"provider_url": "https://www.constantina.rs.leg.br", "title": "Vereador L\u00edrio diz que DAER \u00e9 Caso Perdido", "html": "\r\n<p style=\"text-align: justify;\">Um dos \u00faltimos a se pronunciar na sess\u00e3o da C\u00e2mara, o\r\nvereador L\u00edrio Rigon (PP) ao falar sobre as cr\u00edticas que foram feitas com\r\nrela\u00e7\u00e3o as estradas do interior do munic\u00edpio, disse que precisa saber qual as\r\npessoas que n\u00e3o est\u00e3o sendo atendidas para levar ao conhecimento da Secretaria\r\nde Obras. \u201cMe coloco a disposi\u00e7\u00e3o para ir junto com&nbsp; a Secretaria de Obras\r\nnestas fam\u00edlias que est\u00e3o dizendo que n\u00e3o tem servi\u00e7os feitos pela Secretaria\r\nde Obras\u201d, afirmou. Disse ainda que j\u00e1 passou por persegui\u00e7\u00f5es, e que n\u00e3o\r\nadmite que fa\u00e7am isso.&nbsp;</p>\r\n<p style=\"text-align: justify;\">Com rela\u00e7\u00e3o as condi\u00e7\u00f5es do asfalto que liga Constantina\r\na Liberato Salzano, o edil disse que o DAER \u00e9 um caso perdido, que nada vai\r\nfazer para mudar a situa\u00e7\u00e3o.Defendeu os agricultores com rela\u00e7\u00e3o a pol\u00eamica que est\u00e1\r\nenvolvendo \u00edndios e brancos sobre a demarca\u00e7\u00e3o de terras.</p>\r\n<p>&nbsp;</p>\r\n<p><span style=\"text-align: justify;\">Parabenizou e desejou sucesso&nbsp; ao empres\u00e1rio Ricardo\r\nSignor pela abertura da Loja agora em local mais amplo e bonito.</span></p>\r\n", "author_name": "fernandamarcondes", "version": "1.0", "author_url": "https://www.constantina.rs.leg.br/author/fernandamarcondes", "provider_name": "C\u00e2mara Municipal", "type": "rich"}