{"provider_url": "https://www.constantina.rs.leg.br", "title": "Vereador L\u00edrio Faz Elogios A Feicomel 2014", "html": "\r\n<p align=\"center\" style=\"text-align: left;\"><span style=\"text-align: justify;\">&nbsp;&nbsp;</span><span style=\"text-align: justify;\">Em suas\r\nmanifesta\u00e7\u00f5es o vereador L\u00edrio Rigon (PP) parabenizou a C\u00e2mara de Vereadores\r\npela boa apresenta\u00e7\u00e3o na feira \u201cvereadores e funcion\u00e1rios estiveram diariamente\r\nprestigiando a Feicomel e atendendo a comunidade\u201d. Tamb\u00e9m saudou alguns setores\r\nque foram destaque durante a feira \u201c a secretaria da sa\u00fade que deu suporte durante\r\ntodos os dias da feira, seguran\u00e7a, comunica\u00e7\u00e3o pelo belo trabalho, limpeza,\r\nsecretaria de obras, sucatas Muneron pelo profissionalismo, ind\u00fastrias e\r\ncom\u00e9rcio que se fizeram presentes e surpreendeu com as novas tecnologias,\r\nexposi\u00e7\u00e3o de carros antigos que foi um bom atrativo tamb\u00e9m, enfim todos os\r\nsetores est\u00e3o de parab\u00e9ns pela excelente feira realizada no nosso munic\u00edpio,\r\nparab\u00e9ns ao vice-prefeito e coordenador da feira, Fidelvino Menegazzo, que teve\r\nmuita coragem e esteve frente a organiza\u00e7\u00e3o e junto com os demais se teve o\r\nsucesso da 16\u00aa Feicomel\u201d, salientou. Finalizou parabenizando todas as m\u00e3es.</span></p>\r\n", "author_name": "fernandamarcondes", "version": "1.0", "author_url": "https://www.constantina.rs.leg.br/author/fernandamarcondes", "provider_name": "C\u00e2mara Municipal", "type": "rich"}