{"provider_url": "https://www.constantina.rs.leg.br", "title": "VEREADOR L\u00cdRIO SUGERE MUDAN\u00c7AS NO TR\u00c2NSITO", "html": "<p><span>No \u00faltimo programa de r\u00e1dio \u201cInformativo da C\u00e2mara de Vereadores\u201d o Presidente do Legislativo vereador L\u00edrio Rigon (PROGRESSISTAS), chamou a aten\u00e7\u00e3o da Administra\u00e7\u00e3o Municipal para que a mesma resolva os problemas do munic\u00edpio, e citou algumas quest\u00f5es que precisam urgentemente de uma solu\u00e7\u00e3o por parte do Poder Executivo.</span></p>\r\n<p>Rigon citou os problemas no tr\u00e2nsito da cidade, e relatou que j\u00e1 conversaram com o Executivo e com a Comiss\u00e3o de Tr\u00e2nsito referente aos problemas, sendo que foram levantadas nove prioridades no ano de 2018, das quais somente uma foi atendida. L\u00edrio disse que estar\u00e1 fazendo uma indica\u00e7\u00e3o para alterar o estacionamento na Rua Cantidio Rodrigues de Almeida, para que se fa\u00e7a estacionamento obl\u00edquo ao lado da Pra\u00e7a Municipal Get\u00falio Vargas.</p>\r\n<p>O vereador cobrou a quest\u00e3o da aquisi\u00e7\u00e3o de uma \u00e1rea de terra para um novo cemit\u00e9rio municipal. L\u00edrio relatou que conversaram com o Prefeito, o qual disse que est\u00e1 organizando uma comiss\u00e3o para tratar dessa quest\u00e3o. Tamb\u00e9m chamou aten\u00e7\u00e3o quanto a ilumina\u00e7\u00e3o p\u00fablica, pois em alguns lugares faz mais de 60 dias que as l\u00e2mpadas est\u00e3o queimadas e n\u00e3o s\u00e3o trocadas, e citou a Rua Rosa Zanella, em frente a sua resid\u00eancia.\u00a0\u00a0</p>\r\n<p>Quanto ao Distrito Industrial, o vereador falou que iniciou o trabalho de alargamento da pista e espera um maior comprometimento do Executivo para realizar as melhorias necess\u00e1rias no local. Quanto ao trevo de acesso, Rigon relatou que novamente estar\u00e1 tentando junto ao DAER a execu\u00e7\u00e3o dessa importante obra para as empresas que ali est\u00e3o instaladas. Concluiu parabenizando as mulheres que participaram do Parlamento Feminino e defenderam as prioridades e necessidades por elas apresentadas, espera que o Executivo valorize as mesmas e atenda as indica\u00e7\u00f5es.</p>\r\n<p>\u00a0</p>\r\n<p>\u00a0</p>", "author_name": "", "version": "1.0", "author_url": "https://www.constantina.rs.leg.br/author/patrick", "provider_name": "C\u00e2mara Municipal", "type": "rich"}