{"provider_url": "https://www.constantina.rs.leg.br", "title": "Vereador M\u00e1rcio abordou assuntos diversos", "html": "\r\n<p align=\"center\" style=\"text-align: left;\"><span style=\"text-align: justify;\">Em seu pronunciamento, o vereador M\u00e1rcio Sareto\r\n(PT), inicialmente agradeceu a suplente Mercedes que assumiu a sua cadeira na\r\ncasa enquanto ele esteve licenciado. Parabenizou a todas as pessoas que se\r\nenvolveram, que trabalharam e se doaram para organizar</span><span style=\"text-align: justify;\">&nbsp; </span><span style=\"text-align: justify;\">a grande festa dos motoristas e agricultores,\r\n\u201cest\u00e3o todos de parab\u00e9ns, pois</span><span style=\"text-align: justify;\">&nbsp; </span><span style=\"text-align: justify;\">s\u00f3 com o\r\nesfor\u00e7o e uni\u00e3o de todos podemos alcan\u00e7ar os objetivos\u2019\u201d. Solicitou, a t\u00edtulo\r\nde sugest\u00e3o, que o Executivo Municipal possa transformar a \u00e1rea em frente a\r\nsecretaria de agricultura em estacionamento nos dias que se tem eventos no\r\nCentro Cultural. \u201cAs pessoas tem reclamado que \u00e9 dif\u00edcil estacionar os ve\u00edculos\r\nem dias de eventos no Centro Cultural, ent\u00e3o seria uma alternativa para esse\r\nproblema\u201d, destacou o vereador. Tamb\u00e9m indagou sobre como est\u00e1 o processo para\r\nasfaltamento da rua Antonio Eugenio dos Santos, \u201c pois os moradores est\u00e3o\r\ncobrando uma solu\u00e7\u00e3o, j\u00e1 que a</span><span style=\"text-align: justify;\">&nbsp; </span><span style=\"text-align: justify;\">rua est\u00e1\r\nem p\u00e9ssimas condi\u00e7\u00f5es\u201d. Sugeriu que o dinheiro proveniente do financiamento do\r\nGoverno Federal, seja investido preferencialmente em cal\u00e7amento nos bairros \u201c\r\npois temos uma demanda muito grande</span><span style=\"text-align: justify;\">&nbsp; </span><span style=\"text-align: justify;\">de\r\nruas sem cal\u00e7amento.\u201d Por fim, tamb\u00e9m se colocou favor\u00e1vel para que se tenha o\r\nconsenso nas pr\u00f3ximas elei\u00e7\u00f5es municipais.</span></p>\r\n", "author_name": "fernandamarcondes", "version": "1.0", "author_url": "https://www.constantina.rs.leg.br/author/fernandamarcondes", "provider_name": "C\u00e2mara Municipal", "type": "rich"}