{"provider_url": "https://www.constantina.rs.leg.br", "title": "Vereador Valdir ressalta Indica\u00e7\u00f5es", "html": "\r\n<p align=\"center\" style=\"text-align: left;\"><span style=\"text-align: justify;\">Na \u00faltima sess\u00e3o ordin\u00e1ria (10/10/2013) o Vereador Valdir Grapiglia (PDT)&nbsp;\r\nressaltou v\u00e1rias indica\u00e7\u00f5es que apresentou junto a Casa Legislativa entre elas\r\na</span><span style=\"text-align: justify;\" class=\"apple-converted-space\">&nbsp;</span><strong style=\"text-align: justify;\">Indica\u00e7\u00e3o 19/2013</strong><span style=\"text-align: justify;\">: Que o\r\nPoder Executivo Providencie \u201cCal\u00e7amento na Travessa 4 \u2013 Ema Rossoni, no Bairro\r\nS\u00e3o Roque da Av. Ant\u00f4nio Siliprandi at\u00e9 o final do loteamento\u201d;</span><span style=\"text-align: justify;\" class=\"apple-converted-space\">&nbsp;</span><strong style=\"text-align: justify;\">Indica\u00e7\u00e3o 20/2013</strong><span style=\"text-align: justify;\" class=\"apple-converted-space\">&nbsp;</span><span style=\"text-align: justify;\">\u2013 Que o Poder Executivo providencie\r\n\u201cMelhoria dos equipamentos da Secretaria da Agricultura para atender melhor os\r\nprodutores de leite\u201d;</span><span style=\"text-align: justify;\" class=\"apple-converted-space\">&nbsp;</span><strong style=\"text-align: justify;\">Indica\u00e7\u00e3o\r\n21/2013</strong><span style=\"text-align: justify;\" class=\"apple-converted-space\">&nbsp;</span><span style=\"text-align: justify;\">\u2013 Que o Poder\r\nExecutivo providencie \u201cCed\u00eancia em Comodato para a comunidade da Linha Barra\r\nCurta Baixa que est\u00e1 desativado para que a comunidade fa\u00e7a as melhorias e transforme\r\nnuma capela mortu\u00e1ria\u201d;</span><strong style=\"text-align: justify;\">Indica\u00e7\u00e3o 22/2013</strong><span style=\"text-align: justify;\" class=\"apple-converted-space\">&nbsp;</span><span style=\"text-align: justify;\">\u2013 Que o Poder Executivo atrav\u00e9s da\r\nSecretaria da Ind\u00fastria e Com\u00e9rcio \u201cincentive a instala\u00e7\u00e3o de uma ind\u00fastria no\r\nBairro S\u00e3o Roque que aproveite a m\u00e3o-de-obra daquela comunidade\u201d. \u201cFiz v\u00e1rias\r\nindica\u00e7\u00f5es para contribuir para o desenvolvimento do nosso munic\u00edpio e com\r\ncerteza estarei a disposi\u00e7\u00e3o da comunidade para auxiliar naquilo que for de meu\r\nalcance\u201d, destacou o ver. Valdir. Tamb\u00e9m na oportunidade, o vereador saudou os\r\nidosos pela passagem do seu dia e parabenizou a secretaria de assist\u00eancia\r\nsocial pelo bel\u00edssimo jantar realizado em homenagem a eles. Mostrou apoio a\r\nindica\u00e7\u00e3o feita pelo Ver. Edemar Muneron na constru\u00e7\u00e3o de um campo de futebol\r\nno bairro S\u00e3o Roque e agradeceu o mesmo por ter se licenciado lhe oportunizando\r\nneste m\u00eas de ocupar uma cadeira no Legislativo. Finalizou agradecendo a todos\r\nos colegas vereadores e servidores pela acolhida neste m\u00eas em que esteve junto\r\nao Legislativo.</span></p>\r\n", "author_name": "fernandamarcondes", "version": "1.0", "author_url": "https://www.constantina.rs.leg.br/author/fernandamarcondes", "provider_name": "C\u00e2mara Municipal", "type": "rich"}