{"provider_url": "https://www.constantina.rs.leg.br", "title": "VEREADOR VILLA DESTACA ATIVIDADES", "html": "<p><span>No programa de r\u00e1dio (03/09) o vereador Almir Villa destacou v\u00e1rios assuntos, entre eles o temporal, na madrugada do dia 02 de setembro, que causou estragos na cidade e no interior, destelhando casas e galp\u00f5es, com o registro de quedas de \u00e1rvores.</span></p>\r\n<p>Villa falou da ilumina\u00e7\u00e3o p\u00fablica onde a parte burocr\u00e1tica acaba atrapalhando o desenvolvimento dos trabalhos, se referindo a parte documental do caminh\u00e3o adquirido para fazer a manuten\u00e7\u00e3o da ilumina\u00e7\u00e3o p\u00fablica, que logo estar\u00e1 pronto para ser usado.</p>\r\n<p>Referente as estradas do interior o vereador Villa disse que na grande maioria est\u00e3o boas, sendo que alguns pontos requerem uma aten\u00e7\u00e3o por parte da Secretaria de Obras. \u201c\u00c9 atrav\u00e9s do agro que o Brasil est\u00e1 superando a crise, seja ela por causa da pandemia, da seca ou da guerra, por isso sou defensor da nossa agricultura\u201d, falou o vereador Villa.</p>\r\n<p>O vereador Villa comentou do Loteamento Nossa Senhora de F\u00e1tima, o qual articulou recursos para fazer a pavimenta\u00e7\u00e3o da rua desse loteamento, que est\u00e1 localizado na entrada da cidade. Parabenizou a equipe da Secretaria de Educa\u00e7\u00e3o pela organiza\u00e7\u00e3o da Semana da P\u00e1tria, e disse que \u00e9 atrav\u00e9s da educa\u00e7\u00e3o que se forma um cidad\u00e3o, e destacou a import\u00e2ncia das crian\u00e7as apreenderem a cantar o Hino e ter respeito pela P\u00e1tria, pois \u00e9 dentro das Escolas e quarteis que se forma o cidad\u00e3o brasileiro.</p>\r\n<p>O vereador Villa convidou a todos para participarem do Acampamento Farroupilha, que acontece junto a Pra\u00e7a Get\u00falio Vargas de 14 a 20 de setembro. E destacou a final do campeonato de bochas, a ser realizada no dia 10/09 na comunidade da Linha Rodeio Alto. Tamb\u00e9m comentou dos trabalhos na Secretaria de Sa\u00fade, onde se colocou a disposi\u00e7\u00e3o do Secret\u00e1rio Cristian para auxiliar no que for preciso.</p>", "author_name": "", "version": "1.0", "author_url": "https://www.constantina.rs.leg.br/author/patrick", "provider_name": "C\u00e2mara Municipal", "type": "rich"}