{"provider_url": "https://www.constantina.rs.leg.br", "title": "Vereadora Cleusa  apresenta indica\u00e7\u00e3o", "html": "\r\n<p align=\"center\" style=\"text-align: left;\"><span style=\"text-align: justify;\">&nbsp;&nbsp;</span><span style=\"text-align: justify;\">Em\r\nsuas manifesta\u00e7\u00f5es a vereadora Cleusa Tomazelli (PT) destacou a Indica\u00e7\u00e3o\r\n32/2015 que juntamente com a Bancada (PT /PMDB) que o Poder Executivo realize\r\nno ano de 2016 a feira do gado leiteiro. \u201cConsiderando que no ano de 2016 n\u00e3o\r\nser\u00e1 realizada a Feicomel, sendo que na \u00faltima edi\u00e7\u00e3o o gado leiteiro n\u00e3o\r\nesteve presente na feira, entendemos, portanto, que uma das principais gera\u00e7\u00f5es\r\nde renda da agricultura familiar deve ser incentivada, por isso sugerimos a\r\nrealiza\u00e7\u00e3o de uma feira espec\u00edfica do gado leiteiro na semana de comemora\u00e7\u00e3o de\r\nanivers\u00e1rio do munic\u00edpio\u201d, justificou.</span><span style=\"text-align: justify;\">&nbsp;\r\n</span><span style=\"text-align: justify;\">Falou da sua preocupa\u00e7\u00e3o com rela\u00e7\u00e3o ao Projeto que vende bens do\r\nmunic\u00edpio. Parabenizou o Coletivo de Mulheres pelo desenvolvimento do Projeto\r\n\u201cMulheres promovendo sa\u00fade e qualidade de vida\u201d que teve dura\u00e7\u00e3o de 2 anos e\r\nenvolveu mais de 2.300 mulheres dos 6 munic\u00edpios envolvidos no projeto.\r\nRessaltou a pesquisa realizada durante o projeto sobre o c\u00e2ncer de colo e mama\r\nna regi\u00e3o. \u201cPercebeu-se pelos resultados que h\u00e1 uma car\u00eancia de informa\u00e7\u00e3o,\r\nantes, durante e depois do tratamento, al\u00e9m de um apoio psicol\u00f3gico para o\r\npaciente e para a fam\u00edlia. Precisamos que as secretaria de sa\u00fade olhem com\r\ncarinho para que a\u00e7\u00f5es sejam realizadas para sanar estas dificuldades que foram\r\napresentadas neste projeto\u201d, concluiu.&nbsp;</span></p>\r\n", "author_name": "fernandamarcondes", "version": "1.0", "author_url": "https://www.constantina.rs.leg.br/author/fernandamarcondes", "provider_name": "C\u00e2mara Municipal", "type": "rich"}