{"provider_url": "https://www.constantina.rs.leg.br", "title": "Vereadora Cleusa Destaca a \"Escuta Lil\u00e1s\"", "html": "\r\n<p align=\"center\" style=\"text-align: left;\"><span style=\"text-align: justify;\">Ao\r\nfazer uso da palavra na \u00faltima sess\u00e3o ordin\u00e1ria (04/07/13) a vereadora Cleusa\r\nTomazzeli (PT) comentou sobre o ato que aconteceu no \u00faltimo dia 27/06/13 na\r\nC\u00e2mara de Vereadores de Constantina, onde neste ato vieram duas representantes\r\nda secretaria de Pol\u00edticas para as mulheres e explicaram o funcionamento e a vinda\r\nda coordenadoria de pol\u00edtica para as mulheres para o munic\u00edpio de Constantina.\r\n\u201cSer\u00e3o 50 munic\u00edpio que ter\u00e3o esta coordenadoria e Constantina \u00e9 um destes,\r\nonde ser\u00e3o contemplados com kits de mob\u00edlia e inform\u00e1tica para a implanta\u00e7\u00e3o\u201d,\r\nexplicou a vereadora.</span><span style=\"text-align: justify;\">&nbsp;&nbsp;</span><span style=\"text-align: justify;\">Tamb\u00e9m a vereadora\r\nsugeriu que fosse colocado no site do poder Legislativo a \u201cEscuta L\u00edl\u00e1s\u201d que \u00e9\r\num n\u00famero onde as mulheres que sofrem qualquer tipo de viol\u00eancia podem ligar.\r\n\u201cNos deixou preocupado os n\u00fameros apresentados pela delegacia de nossa cidade\r\ndos casos de viol\u00eancia registrados aqui em torno de 239 casos instaurados, por\r\nisso estamos ajudando a criar tamb\u00e9m o Conselho da Mulher\u201d, enfatizou.&nbsp;</span></p>\r\n<p align=\"center\" style=\"text-align: left;\"><span style=\"text-align: justify;\">Com\r\nrela\u00e7\u00e3o a habita\u00e7\u00e3o a vereadora comentou o grande avan\u00e7o de projetos nesta \u00e1rea\r\nque beneficiam</span><span style=\"text-align: justify;\">&nbsp; </span><span style=\"text-align: justify;\">tanto o meio urbano como\r\no rural. \u201cAvan\u00e7amos muito na \u00e1rea da habita\u00e7\u00e3o, programas que contemplam os\r\nagricultores familiares e a constru\u00e7\u00e3o no meio urbano tamb\u00e9m, mas precisamos\r\navan\u00e7ar ainda mais al\u00e9m da reforma e da constru\u00e7\u00e3o das casas precisamos pensar\r\nno social\u201d, finalizou.</span></p>\r\n", "author_name": "fernandamarcondes", "version": "1.0", "author_url": "https://www.constantina.rs.leg.br/author/fernandamarcondes", "provider_name": "C\u00e2mara Municipal", "type": "rich"}