{"provider_url": "https://www.constantina.rs.leg.br", "title": "VEREADORA CLEUSA FALA SOBRE AS PICS   ", "html": "<p><span>Entre os diversos assuntos abordados na \u00faltima sess\u00e3o a vereadora Cleusa (PT) falou sobre a implementa\u00e7\u00e3o das PICS (Pr\u00e1ticas Integrativas Complementares) no sistema \u00fanico de sa\u00fade no munic\u00edpio. A vereadora relatou que j\u00e1 existe legisla\u00e7\u00e3o a n\u00edvel Federal e Estadual que garante a sua funcionalidade, e Constantina j\u00e1 desenvolve a\u00e7\u00f5es como a pratica do Yoga.\u00a0 \u201cCriar uma legisla\u00e7\u00e3o local, se faz necess\u00e1rio para que esta entre outras (acupuntura, reyke, fitoterapia, Yoga, aroma terapia...) se efetive e amplie a\u00e7\u00f5es de preven\u00e7\u00e3o e bem estar para a comunidade constantinense\u201d, destacou a vereadora Cleusa.</span></p>\r\n<p>Falou ainda, que muitas pessoas criticam a Administra\u00e7\u00e3o, mas que quando elas estiveram participando em outros governos, pouco ou quase nada fizeram pelo munic\u00edpio. Ressaltou que a Administra\u00e7\u00e3o esta trabalhando com muita gest\u00e3o e controle de gastos necess\u00e1rios para um governo ter \u00eaxito. \u201cN\u00e3o adianta fazer grandes obras e pegar recursos dos fundos dos servidores\u201d, relatou a vereadora Cleusa.</p>\r\n<p>A vereadora parabenizou a Administra\u00e7\u00e3o Municipal pela realiza\u00e7\u00e3o do desfile c\u00edvico de 07 de setembro, que envolveu todas as entidades do munic\u00edpio, mostrando a integra\u00e7\u00e3o da comunidade e o civismo vivo e presente, que s\u00e3o essenciais para o desenvolvimento do munic\u00edpio.</p>\r\n<p>Em rela\u00e7\u00e3o a feira da agricultura familiar parabenizou a coordena\u00e7\u00e3o da feira, que em parceria com o Senar/Sebrae/Emater/Poder P\u00fablico, realizou importante atividade\u00a0 de forma\u00e7\u00e3o e capacita\u00e7\u00e3o para os feirantes. Cleusa destacou a participa\u00e7\u00e3o das agroind\u00fastrias na Expointer, levando os produtos e o nome de Constantina para todo o Estado.</p>\r\n<p><span><br /></span></p>\r\n<p><span><img src=\"https://www.constantina.rs.leg.br/institucional_com_erro/noticias/copy6_of_IMG_4007.JPG\" alt=\"\" class=\"image-inline\" title=\"\" /></span></p>", "author_name": "", "version": "1.0", "author_url": "https://www.constantina.rs.leg.br/author/patrick", "provider_name": "C\u00e2mara Municipal", "type": "rich"}