{"provider_url": "https://www.constantina.rs.leg.br", "title": "VEREADORA SONIA REASSUME CADEIRA", "html": "<p>A vereadora Sonia retornou \u00e0 C\u00e2mara de Vereadores ap\u00f3s um afastamento tempor\u00e1rio, quando a suplente Maria Elizabeth Maidana Bonez assumiu uma cadeira no Legislativo.</p>\r\n<p>Em seu pronunciamento no Programa de R\u00e1dio e na tribuna da C\u00e2mara, a vereadora agradeceu \u00e0 suplente Beth Bonez por ter assumido e contribu\u00eddo com boas indica\u00e7\u00f5es, encaminhadas ao poder p\u00fablico: \u201cque a Secretaria de Educa\u00e7\u00e3o efetue um levantamento dos alunos que ainda n\u00e3o possuem Carteira de Identidade e, posteriormente, organize uma campanha para a confec\u00e7\u00e3o do referido documento; E organize Feira de Ci\u00eancias, envolvendo todas as escolas do munic\u00edpio; Tamb\u00e9m solicitou que a secretaria de obras realize uma opera\u00e7\u00e3o tapa-buracos nas avenidas e principais vias da cidade\u201d.</p>\r\n<p>A vereadora Sonia participou da Audi\u00eancia P\u00fablica que ocorreu na C\u00e2mara, dia 04 de agosto, sexta-feira, com o prefeito, vice-prefeito e secret\u00e1rios, e com a presen\u00e7a dos Delegados do Or\u00e7amento Participativo, quando foi realizada uma presta\u00e7\u00e3o de contas das finan\u00e7as p\u00fablicas e discutido projetos para o pr\u00f3ximo ano. Em sua opini\u00e3o, uma audi\u00eancia dessa import\u00e2ncia deveria ocorrer em hor\u00e1rio que possibilitasse maior participa\u00e7\u00e3o da comunidade, at\u00e9 porque foi convocada no Programa da Prefeitura. Em rela\u00e7\u00e3o \u00e0 audi\u00eancia, ficou a impress\u00e3o de que a situa\u00e7\u00e3o financeira do munic\u00edpio \u00e9 preocupante, no sentido de a administra\u00e7\u00e3o n\u00e3o poder realizar tudo o que pretendia. Contudo, o prefeito Gerri sempre afirmou que o bom gestor tem que fazer acontecer e n\u00e3o ficar dando desculpas. \u00c9 isso que se espera.</p>\r\n<p>A vereadora lembrou datas importantes como os dez anos da Lei Maria da Penha - important\u00edssima para a vida da mulher, do Dia do Estudante e do Dia dos Pais. Ela desejou que a Rede Mulher de Constantina continue forte e atuante em defesa das mulheres; parabenizou os estudantes, que buscam o conhecimento; e cumprimentou os pais, na certeza de que fazem o melhor pela sua fam\u00edlia.</p>\r\n<p>\u00a0<img src=\"https://www.constantina.rs.leg.br/institucional_com_erro/noticias/copy_of_IMG_2660.JPG\" alt=\"\" class=\"image-inline\" title=\"\" /></p>", "author_name": "", "version": "1.0", "author_url": "https://www.constantina.rs.leg.br/author/patrick", "provider_name": "C\u00e2mara Municipal", "type": "rich"}