{"provider_url": "https://www.constantina.rs.leg.br", "title": "Vereadores Efetivar\u00e3o Associa\u00e7\u00e3o", "html": "\r\n<p style=\"text-align: justify;\">Em reuni\u00e3o ocorrida no s\u00e1bado passado, dia 15, na C\u00e2mara\r\nde Vereadores de Rondinha, os cerca de 30 vereadores e vereadoras que se\r\nfizeram presentes, representando 14 munic\u00edpios da regi\u00e3o Norte do Estado&nbsp;foram\r\nun\u00e2nimes em afirmar que ser\u00e1 reativada ASCAPRO ou, havendo necessidade, formada\r\numa nova Associa\u00e7\u00e3o.</p>\r\n<p style=\"text-align: justify;\">Uma diretoria provis\u00f3ria&nbsp; formada pelos vereadores\r\nAluisio (Constantina), Jonca (Sarandi), Olavo (Palmeira das Miss\u00f5es) e Rigo\r\n(Tr\u00eas Palmeiras) tem a incumb\u00eancia de convidar todas as demais C\u00e2maras que\r\nintegram a AMZOP para fazerem parte da pr\u00f3xima reuni\u00e3o, que ser\u00e1 realizada no\r\ndia 13 de julho, \u00e0s 9h30min na C\u00e2mara de Vereadores de Sarandi.</p>\r\n<p style=\"text-align: justify;\">Na reuni\u00e3o o assunto mais discutido entre os edis foi com\r\nrela\u00e7\u00e3o a reativa\u00e7\u00e3o da ASCAPRO ou a forma\u00e7\u00e3o de uma nova Associa\u00e7\u00e3o. Assunto\r\nque ser\u00e1 pauta da pr\u00f3xima reuni\u00e3o onde acontecer\u00e1 ent\u00e3o a defini\u00e7\u00e3o. Tamb\u00e9m\r\nforam levantadas e discutidas outras v\u00e1rias quest\u00f5es, que ser\u00e3o debatidas\r\nquando a Associa\u00e7\u00e3o estiver legalmente constitu\u00edda.</p>\r\n<p style=\"text-align: justify;\">Todos os presentes receberam uma c\u00f3pia de um modelo de\r\nestatuto para analisarem&nbsp; o mesmo e apontarem sugest\u00f5es ou mudan\u00e7as. Na\r\npr\u00f3xima reuni\u00e3o o estatuto ser\u00e1 discutido e colocado em vota\u00e7\u00e3o.</p>\r\n<p style=\"text-align: justify;\">Todos os vereadores e vereadoras usaram da palavra para\r\nressaltar da import\u00e2ncia de ter esta associa\u00e7\u00e3o. Aluisio Valle, um dos que est\u00e1\r\n\u00e0 frente da ideia para a cria\u00e7\u00e3o da Associa\u00e7\u00e3o, disse que a mesma vai ser\r\ncriada e desempenhar\u00e1 um papel importante na regi\u00e3o, mostrando que, estando os\r\nvereadores unidos, t\u00eam grande potencial para ajudar a resolver problemas que\r\nhoje prejudicam muitos munic\u00edpios da regi\u00e3o.</p>\r\n<p style=\"text-align: justify;\">Na reuni\u00e3o estiveram vereadores representantes das\r\nC\u00e2maras de Rondinha, Constantina, Sarandi, Tr\u00eas Palmeiras, Novo Xingu, Novo\r\nBarreiro, Palmeira das Miss\u00f5es, Nonoai, Ronda Alta, Nova Boa Vista, Jaboticaba\r\ne Barra Funda.</p>\r\n<p>&nbsp;</p>\r\n<p style=\"text-align: justify;\">&nbsp;<img src=\"https://www.constantina.rs.leg.br/institucional/noticias/ReunioRondinha150613.JPG/image_preview\" alt=\"Reuni\u00e3o Rondinha\" class=\"image-inline image-inline\" title=\"Reuni\u00e3o Rondinha\" /></p>\r\n", "author_name": "fernandamarcondes", "version": "1.0", "author_url": "https://www.constantina.rs.leg.br/author/fernandamarcondes", "provider_name": "C\u00e2mara Municipal", "type": "rich"}