{"provider_url": "https://www.constantina.rs.leg.br", "title": "Perguntas Frequentes", "html": "\r\n<p><strong>1)<span class=\"Apple-tab-span\">\t</span>Qual \u00e9 o endere\u00e7o e o telefone da C\u00e2mara?</strong></p>\r\n<p>Rua Cant\u00eddio Rodrigues de Almeida, 232 \u2013 fones 54-3363-1418 e 3363-2301</p>\r\n<p>&nbsp;</p>\r\n<p><strong>2)<span class=\"Apple-tab-span\">\t</span>Qual \u00e9 o hor\u00e1rio de funcionamento?</strong></p>\r\n<p>Manh\u00e3: 8h \u00e0s 11h30m &nbsp; tarde: 13h30m \u00e0s 17h</p>\r\n<p>&nbsp;</p>\r\n<p><strong>3)<span class=\"Apple-tab-span\">\t</span>Quais s\u00e3o os telefones de contato da C\u00e2mara?</strong></p>\r\n<p>Fones: 54-3363-1418 e 3363-2301</p>\r\n<p>&nbsp;</p>\r\n<p><strong>4)<span class=\"Apple-tab-span\">\t</span>Qual \u00e9 o e-mail de contato com a C\u00e2mara?</strong></p>\r\n<p>camaraconstantina@gmail.com&nbsp;</p>\r\n<p>&nbsp;</p>\r\n<p><strong>5)<span class=\"Apple-tab-span\">\t</span>No ano de 2013, qual \u00e9 a legislatura atual?</strong></p>\r\n<p>13\u00aa Legislatura</p>\r\n<p>&nbsp;</p>\r\n<p><strong>6)<span class=\"Apple-tab-span\">\t</span>Quem foi o primeiro Prefeito do Munic\u00edpio?</strong></p>\r\n<p>S\u00e9lcio Ara\u00fajo e Silva</p>\r\n<p>&nbsp;</p>\r\n<p><strong>7)<span class=\"Apple-tab-span\">\t</span>Qual foi o dia, m\u00eas e ano de funda\u00e7\u00e3o do Munic\u00edpio?</strong></p>\r\n<p>14 de abril de 1959</p>\r\n<p>&nbsp;</p>\r\n<p><strong>8)<span class=\"Apple-tab-span\">\t</span>Quais s\u00e3o os feriados municipais?</strong></p>\r\n<p>\u2022<span class=\"Apple-tab-span\">\t</span>19 de mar\u00e7o \u2013 S\u00e3o Jos\u00e9</p>\r\n<p>\u2022<span class=\"Apple-tab-span\">\t</span>14 de abril \u2013 Dia do munic\u00edpio</p>\r\n<p>\u2022<span class=\"Apple-tab-span\">\t</span>16 de agosto \u2013 S\u00e3o Roque</p>\r\n<p>\u2022<span class=\"Apple-tab-span\">\t</span>CORPUS CHRISTI \u2013 data fixada de acordo ao reconhecimento e aceita\u00e7\u00e3o da tradi\u00e7\u00e3o cat\u00f3lica, \u00e9 realizada na quinta-feira seguinte ao domingo da Sant\u00edssima Trindade, que, por sua vez, acontece no domingo seguinte ao de Pentecostes.</p>\r\n<p>&nbsp;</p>\r\n<p><strong>9)<span class=\"Apple-tab-span\">\t</span>Nome do Prefeito, Vice e Vereadores da 1\u00aa Legislatura?</strong></p>\r\n<p><em>1\u00aa LEGISLATURA 1959 \u00c0 1963 &nbsp;</em> &nbsp; &nbsp;&nbsp;</p>\r\n<p>Prefeito: S\u00e9lcio Ara\u00fajo e Silva</p>\r\n<p>&nbsp; &nbsp; &nbsp; Vice-Prefeito: Hermeto Ara\u00fajo e Silva&nbsp;</p>\r\n<p>Presidente \u2013 Narciso Maffessoni - PSD</p>\r\n<p><span class=\"Apple-tab-span\">\t</span>Divino Maffessoni - PTB</p>\r\n<p><span class=\"Apple-tab-span\">\t</span>Marcelino Anzilieiro - PSD</p>\r\n<p><span class=\"Apple-tab-span\">\t</span>Ulisses Ara\u00fajo e Silva - PTB</p>\r\n<p><span class=\"Apple-tab-span\">\t</span>Ricieri De Carli - PSD</p>\r\n<p>Erich Brandtner - PTB</p>\r\n<p>Ricardo Guimar\u00e3es - PSD</p>\r\n<p>&nbsp;</p>\r\n<p><strong>10)<span class=\"Apple-tab-span\">\t</span>Nome do Prefeito, Vice e Vereadores da 2\u00ba Legislatura?</strong></p>\r\n<p><em>2\u00aa LEGISLATURA 1964 \u00c0 1968</em></p>\r\n<p>Prefeito: Dr. Giovani V. Panazzolo</p>\r\n<p>Vice-prefeito: Hor\u00e1cio Izaltino da Luz</p>\r\n<p>&nbsp;</p>\r\n<p>Presidente \u2013 Divino Maffessoni - PTB</p>\r\n<p><span class=\"Apple-tab-span\">\t</span>Antonio Siliprandi - PSD</p>\r\n<p><span class=\"Apple-tab-span\">\t</span>Hermeto Antonio de Ara\u00fajo e Silva - PTB</p>\r\n<p><span class=\"Apple-tab-span\">\t</span>Ido Tr\u00eas - PTB</p>\r\n<p><span class=\"Apple-tab-span\">\t</span>Leonildo Santin - PSD</p>\r\n<p><span class=\"Apple-tab-span\">\t</span>Vilson Rifel - PTB</p>\r\n<p><span class=\"Apple-tab-span\">\t</span>Mario Eduardo Giacomini - PSD</p>\r\n<p>&nbsp;</p>\r\n<p><strong>11)<span class=\"Apple-tab-span\">\t</span>Nome do Prefeito, Vice e Vereadores da 3\u00ba Legislatura?</strong></p>\r\n<p><em>3\u00aa LEGISLATURA 1968 \u00c0 1972</em></p>\r\n<p>Prefeito: Hermeto A. Ara\u00fajo e Silva</p>\r\n<p>Vice-prefeito: Dr. Alberto Machado</p>\r\n<p>&nbsp;</p>\r\n<p>Presidente \u2013 Rui Martini - PTB</p>\r\n<p><span class=\"Apple-tab-span\">\t</span>Dirceu Bertinato - PSD</p>\r\n<p><span class=\"Apple-tab-span\">\t</span>Divino Maffessoni - PSD</p>\r\n<p><span class=\"Apple-tab-span\">\t</span>Lucindo Anzilieiro - PTB</p>\r\n<p><span class=\"Apple-tab-span\">\t</span>Antonio Siliprandi - PSD</p>\r\n<p><span class=\"Apple-tab-span\">\t</span>Erich Brandtner - PTB</p>\r\n<p><span class=\"Apple-tab-span\">\t</span>Antonio Rosseto - PTB</p>\r\n<p>&nbsp;</p>\r\n<p><strong>12)<span class=\"Apple-tab-span\">\t</span>Nome do Prefeito, Vice e Vereadores da 4\u00ba Legislatura?</strong></p>\r\n<p><em>4\u00aa LEGISLATURA &nbsp;1973 A 1976</em></p>\r\n<p>Prefeito: Dirceu Bertinato</p>\r\n<p>Vice-prefeito: Domingos A. Giacomini</p>\r\n<p>&nbsp;</p>\r\n<p>Presidente \u2013 Mario Eduardo Giacomini - ARENA</p>\r\n<p>Presidente \u2013 Zemiro O. Paludo - ARENA</p>\r\n<p><span class=\"Apple-tab-span\">\t</span>Odil Felipe Bohn - ARENA</p>\r\n<p><span class=\"Apple-tab-span\">\t</span>Alduino Zanella - MDB</p>\r\n<p><span class=\"Apple-tab-span\">\t</span>Emilio G. Knaak - MDB</p>\r\n<p><span class=\"Apple-tab-span\">\t</span>Jos\u00e9 A. De Oliveira Valle - MDB</p>\r\n<p><span class=\"Apple-tab-span\">\t</span>Florindo Cazarotto - ARENA</p>\r\n<p><span class=\"Apple-tab-span\">\t</span>Francisco Benderovski - MDB</p>\r\n<p>&nbsp; &nbsp; &nbsp; &nbsp; &nbsp; &nbsp; &nbsp;Franklin Pizzi - ARENA</p>\r\n<p>&nbsp;</p>\r\n<p><strong>13)<span class=\"Apple-tab-span\">\t</span>Nome do Prefeito, Vice e Vereadores da 5\u00ba Legislatura?</strong></p>\r\n<p><em>5\u00aa LEGISLATURA &nbsp;1977 A 1982</em></p>\r\n<p>Prefeito: Elze\u00e1rio Fachin</p>\r\n<p>Vice-prefeito: Silvino Pan&nbsp;</p>\r\n<p>&nbsp;</p>\r\n<p>Presidente \u2013 Jos\u00e9 A. de Oliveira Valle - PMDB</p>\r\n<p>Presidente \u2013 Pedro Valdir Largo - PMDB</p>\r\n<p>Presidente \u2013 Helmuth Werkhausen - PMDB</p>\r\n<p>&nbsp; &nbsp; &nbsp; &nbsp; Antonio Osmarin - PMDB</p>\r\n<p>&nbsp; &nbsp; &nbsp; &nbsp; Lucio Licio de Oliveira - PDT</p>\r\n<p>Odil Felipe Bohn - PDS</p>\r\n<p>Valdemar J. Fredo - PDS</p>\r\n<p>Evaldo Delatorre - PDS</p>\r\n<p>Mario Eduardo Giacomini - PDS</p>\r\n<p>&nbsp;</p>\r\n<p><strong>14)<span class=\"Apple-tab-span\">\t</span>Nome do Prefeito, Vice e Vereadores da 6\u00ba Legislatura?</strong></p>\r\n<p><em>6\u00aa LEGISLATURA &nbsp; 1983 A 1988</em></p>\r\n<p>Prefeito: Domingos A. Giacomini</p>\r\n<p>Vice-prefeito: Fernando N\u00e9ri Castelli&nbsp;</p>\r\n<p>&nbsp;</p>\r\n<p>Presidente \u2013 Rui Burille Dall\u00b4Agnol - PDS</p>\r\n<p>Presidente \u2013 Darci Giacomini - PDS</p>\r\n<p>Presidente \u2013 Antoninho Dal Pupo - PDS</p>\r\n<p><span class=\"Apple-tab-span\">\t</span>Franklin Pizzi - PDS</p>\r\n<p><span class=\"Apple-tab-span\">\t</span>Pedro Argemiro Cazarotto - PDS</p>\r\n<p><span class=\"Apple-tab-span\">\t</span>C\u00e9sar Santos Giacomini - PMDB</p>\r\n<p><span class=\"Apple-tab-span\">\t</span>Al\u00e9ssio Durante - PMDB</p>\r\n<p>&nbsp; Ol\u00edvio Kuster - PMDB</p>\r\n<p>&nbsp; &nbsp;Lucio Licio de Oliveira - PDT</p>\r\n<p>&nbsp;</p>\r\n<p><strong>15)<span class=\"Apple-tab-span\">\t</span>Nome do Prefeito, Vice e Vereadores da 7\u00ba Legislatura?</strong></p>\r\n<p><em>7\u00aa LEGISLATURA 1989 A 1992</em></p>\r\n<p>Prefeito: Walter J. Bonfanti</p>\r\n<p>Vice-prefeito: Paulo Roberto Maffessoni&nbsp;</p>\r\n<p>&nbsp;</p>\r\n<p>Presidente \u2013 Pl\u00ednio Paulo Delatorre - PDS</p>\r\n<p>Presidente \u2013 Rui Burille Dall\u00b4Agnol - PDS</p>\r\n<p>Presidente \u2013 Rieli Rossini - PDS</p>\r\n<p>Presidente \u2013 Valdecir Lazaretti - PT</p>\r\n<p><span class=\"Apple-tab-span\">\t</span>Jos\u00e9 A. De Oliveira Valle - PMDB</p>\r\n<p><span class=\"Apple-tab-span\">\t</span>L\u00edrio Rigon - PDS</p>\r\n<p><span class=\"Apple-tab-span\">\t</span>Danilo Muneron - PDT</p>\r\n<p><span class=\"Apple-tab-span\">\t</span>Jandir Sabadin - PMDB</p>\r\n<p><span class=\"Apple-tab-span\">\t</span>Osmar Lazarotto \u2013 PDT</p>\r\n<p>&nbsp;</p>\r\n<p><strong>16)<span class=\"Apple-tab-span\">\t</span>Nome do Prefeito, Vice e Vereadores da 8\u00ba Legislatura?</strong></p>\r\n<p><em>8\u00aa LEGISLATURA &nbsp;1993 A 1996</em></p>\r\n<p>Prefeito: Antoninho Dal Pupo</p>\r\n<p>Vice-prefeito: Rieli Rossini</p>\r\n<p>&nbsp;</p>\r\n<p>Presidente \u2013 Divino Bergamaschi - PDS</p>\r\n<p>Presidente \u2013 Loimar Zanella - PDS</p>\r\n<p>Presidente \u2013 Almir Villa - PDS</p>\r\n<p>Presidente \u2013 L\u00edrio Rigon - PDS</p>\r\n<p><span class=\"Apple-tab-span\">\t</span>Jo\u00e3o Alberto Maffessoni - PMDB</p>\r\n<p><span class=\"Apple-tab-span\">\t</span>Antonio Passaia - PDS</p>\r\n<p><span class=\"Apple-tab-span\">\t</span>Hermeto A. de Ara\u00fajo e Silva - PMDB</p>\r\n<p><span class=\"Apple-tab-span\">\t</span>Jandir Sabadin - PMDB</p>\r\n<p><span class=\"Apple-tab-span\">\t</span>Danilo Muneron \u2013 PDT</p>\r\n<p>&nbsp;</p>\r\n<p><strong>17)<span class=\"Apple-tab-span\">\t</span>Nome do Prefeito, Vice e Vereadores da 9\u00ba Legislatura?</strong></p>\r\n<p><em>9\u00aa LEGISLATURA &nbsp;1997 A 2000</em></p>\r\n<p>Prefeito: Rui Burille Dall\u00b4Agnol</p>\r\n<p>Vice-prefeito: Celestino Savaris&nbsp;</p>\r\n<p>&nbsp;</p>\r\n<p>Presidente \u2013 Dorvalino Cazarotto - PDS</p>\r\n<p>Presidente \u2013 Vanderlei Piva - PMDB</p>\r\n<p>Presidente \u2013 L\u00edrio Rigon - PDS</p>\r\n<p><span class=\"Apple-tab-span\">\t</span>Rieli Rossini - PDS</p>\r\n<p><span class=\"Apple-tab-span\">\t</span>Jo\u00e3o Alberto Maffessoni - PMDB</p>\r\n<p>Odinir Sabadini - PMDB</p>\r\n<p>Gerri Sawaris - PT</p>\r\n<p>Maximino Conteratto - PDS</p>\r\n<p>Ermindo Kuster - PTB</p>\r\n<p>&nbsp;</p>\r\n<p><strong>18)<span class=\"Apple-tab-span\">\t</span>Nome do Prefeito, Vice e Vereadores da 10 Legislatura?</strong></p>\r\n<p><em>10\u00aa LEGISLATURA &nbsp;2001 A 2004</em></p>\r\n<p>Prefeito: Francisco Frizzo</p>\r\n<p>Vice-prefeito: Ivor Vicentini</p>\r\n<p>&nbsp;</p>\r\n<p>Presidente \u2013 Hermeto A. de Ara\u00fajo e Silva 2001/2002 - PMDB</p>\r\n<p>Presidente \u2013 Gerri Sawaris 2003 - PT</p>\r\n<p>Presidente - &nbsp;Sandro Antonio Farezin &nbsp;2004 - PDT</p>\r\n<p><span class=\"Apple-tab-span\">\t</span>Osmar Domingos Vicari \u2013 PDT \u2013 Gilmar Ferrarezze - PT</p>\r\n<p><span class=\"Apple-tab-span\">\t</span>Cl\u00f3vis Pohl - PT</p>\r\n<p><span class=\"Apple-tab-span\">\t</span>Almir Villa - PP</p>\r\n<p><span class=\"Apple-tab-span\">\t</span>L\u00edrio Rigon \u2013 PP</p>\r\n<p><span class=\"Apple-tab-span\">\t</span>Valdir Fiorentin - PP</p>\r\n<p><span class=\"Apple-tab-span\">\t</span>Vilmar Drabach - PP</p>\r\n<p>&nbsp;</p>\r\n<p><strong>19)<span class=\"Apple-tab-span\">\t</span>Nome do Prefeito, Vice e Vereadores da 11 Legislatura?</strong></p>\r\n<p><em>11\u00aa LEGISLATURA &nbsp;2005 A 2008</em></p>\r\n<p>Prefeito: Francisco Frizzo</p>\r\n<p>Vice-prefeito: Alfeu Tr\u00eas&nbsp;</p>\r\n<p>&nbsp;</p>\r\n<p>Presidente \u2013 Jo\u00e3o Alberto Maffessoni /2005 - PMDB</p>\r\n<p>Presidente \u2013Renato Sabadini /2006 - PT</p>\r\n<p>Presidente - Aluisio Cezar Caleffi Valle/2007 - PMDB</p>\r\n<p><span class=\"Apple-tab-span\">\t</span>Cl\u00f3vis Pohl - PT</p>\r\n<p><span class=\"Apple-tab-span\">\t</span>Almir Villa - PP</p>\r\n<p><span class=\"Apple-tab-span\">\t</span>L\u00edrio Rigon - PP</p>\r\n<p><span class=\"Apple-tab-span\">\t</span>Gerri Sawaris &nbsp;- PT</p>\r\n<p>&nbsp; &nbsp; &nbsp; &nbsp; &nbsp; &nbsp; &nbsp;Divino Bergamaschi - PP</p>\r\n<p><span class=\"Apple-tab-span\">\t</span>Hermes Roque Alievi - PP</p>\r\n<p>&nbsp;</p>\r\n<p><strong>20)<span class=\"Apple-tab-span\">\t</span>Nome do Prefeito, Vice e Vereadores da 12 Legislatura?</strong></p>\r\n<p><em>12\u00aa LEGISLATURA &nbsp;2009 A 2012</em></p>\r\n<p>Prefeito: Br\u00e1ulio Zatti</p>\r\n<p>Vice-prefeito: Aluisio Cezar Caleffi Valle</p>\r\n<p>&nbsp;</p>\r\n<p>Presidente \u2013 Jo\u00e3o Alberto Maffessoni \u2013 PMDB - 2009</p>\r\n<p>Presidente - &nbsp;Edemar Muneron \u2013 PDT - 2010</p>\r\n<p>Presidente - &nbsp;Renato Sabadini \u2013 PT \u2013 julho a dezembro 2012</p>\r\n<p><span class=\"Apple-tab-span\">\t</span> &nbsp; &nbsp; &nbsp; &nbsp;Cl\u00f3vis Pohl - PT</p>\r\n<p><span class=\"Apple-tab-span\">\t</span> &nbsp; &nbsp; &nbsp; &nbsp;Almir Villa - PP</p>\r\n<p>Presidente - &nbsp;L\u00edrio Rigon \u2013 PP - janeiro a junho 2012</p>\r\n<p><span class=\"Apple-tab-span\">\t</span> &nbsp; &nbsp; &nbsp; &nbsp;Gerri Sawaris - PT</p>\r\n<p>Presidente - &nbsp;Hermes Roque Alievi \u2013 PP \u2013 setembro a dezembro 2011</p>\r\n<p><span class=\"Apple-tab-span\">\t</span> &nbsp; &nbsp; &nbsp; &nbsp; Lindomar Duranti - PMDB</p>\r\n<p>&nbsp;</p>\r\n<p><strong>21)<span class=\"Apple-tab-span\">\t</span>Nome do Prefeito, Vice e Vereadores da 13 Legislatura?</strong></p>\r\n<p><em>13\u00aa LEGISLATURA 2013 A 2016</em></p>\r\n<p>Prefeito: Leomar Jos\u00e9 Behm</p>\r\n<p>Vice-prefeito: Fidelvino Menegazzo</p>\r\n<p>&nbsp;</p>\r\n<p>Edemar Muneron - PDT</p>\r\n<p>&nbsp; &nbsp; <span class=\"Apple-tab-span\">\t</span>M\u00e1rcio Sareto - PT</p>\r\n<p><span class=\"Apple-tab-span\">\t</span>Aluisio C\u00e9zar Caleffi Valle \u2013 PMDB \u2013 Presidente 2013</p>\r\n<p><span class=\"Apple-tab-span\">\t</span>Almir Villa - PP</p>\r\n<p><span class=\"Apple-tab-span\">\t</span>L\u00edrio Rigon - PP</p>\r\n<p><span class=\"Apple-tab-span\">\t</span>Gerri Sawaris &nbsp;- PT</p>\r\n<p><span class=\"Apple-tab-span\">\t</span>Ari Dirceu Giacomini \u2013 PP</p>\r\n<p><span class=\"Apple-tab-span\">\t</span>Lindomar Duranti - PMDB</p>\r\n<p>Cleusa Rabaioli Tomazelli - PT</p>\r\n<div>&nbsp;</div>\r\n", "author_name": "", "version": "1.0", "author_url": "https://www.constantina.rs.leg.br/author/coa", "provider_name": "C\u00e2mara Municipal", "type": "rich"}