{"provider_url": "https://www.constantina.rs.leg.br", "title": "1\u00aa Sess\u00e3o Ordin\u00e1ria de 2016", "html": "<p>Foi realizada na segunda-feira (11/01/16) a 1\u00aa Sess\u00e3o Ordin\u00e1ria deste ano na C\u00e2mara de Vereadores de Constantina as 9h. Devido as obras e reformas da Casa Legislativa as pr\u00f3ximas sess\u00f5es ser\u00e3o realizadas no Centro Cultural de Constantina. Os projetos foram aprovados por unanimidade. Abaixo o Roteiro da Sess\u00e3o:</p>\r\n<p><i>ROTEIRO DOS TRABALHOS DOS VEREADORES</i></p>\r\n<p>\u00a0</p>\r\n<p><b><i>22\u00aa - SESS\u00c3O ORDIN\u00c1RIA</i></b></p>\r\n<p><b><i>03\u00aa - SESS\u00c3O LEGISLATIVA ORDIN\u00c1RIA</i></b></p>\r\n<p><b><i>13\u00aa - LEGISLATURA - DATA \u2013 11 DE JANEIRO DE 2016 \u2013 18h \u2013 SEGUNDA-FEIRA</i></b></p>\r\n<p>\u00a0</p>\r\n<p>VERIFICA\u00c7\u00c3O DE \u201cQUORUM REGIMENTAL\u201d</p>\r\n<p>\u00a0</p>\r\n<p>LEITURA DE UM TRECHO DA B\u00cdBLIA\u00a0\u00a0 -\u00a0\u00a0\u00a0 <b>VER. </b><b>ALMIR VILLA</b></p>\r\n<p><b>\u00a0</b></p>\r\n<p><b>EXPEDIENTE (ART. 139 R.I.)</b></p>\r\n<p><b><span>PROPOSI\u00c7\u00d5ES APRESENTADAS \u00c0 MESA: </span></b></p>\r\n<p><b><span>\u00a0</span></b></p>\r\n<table>\r\n<tbody>\r\n<tr>\r\n<td>\r\n<p><b>OF. GAB. N\u00ba. 502/2015 \u2013 </b>ENVIA OS PROJETOS DE LEI N\u00ba. 93 SUBSTITUTIVO, PARA APRECIA\u00c7\u00c3O DO PODER LEGISLATIVO.<b></b></p>\r\n</td>\r\n</tr>\r\n<tr>\r\n<td>\r\n<p><b>PROJETO DE LEI N\u00ba. 93/2015 SUBSTITUTIVO \u2013</b> AUTORIZA O PODER EXECUTIVO A CELEBRAR CONVENIO COM A AHCROS E D\u00c1 OUTRAS PROVID\u00caNCIAS.<b></b></p>\r\n</td>\r\n</tr>\r\n<tr>\r\n<td>\r\n<p><b>PROJETO DE LEI DO LEGISLATIVO N\u00ba. 01/2016 \u2013</b> DENOMINA RUAS DA CIDADE DE CONSTANTINA, ALTERA A LEI 3.014/2011, QUE DENOMINA RUAS DO MUNIC\u00cdPIO DE CONSTANTINA.</p>\r\n</td>\r\n</tr>\r\n<tr>\r\n<td>\r\n<p><b>PEDIDO DE INDICA\u00c7\u00c3O N\u00ba 01/2016 \u2013 </b>A\u00c7\u00d5ES PELO PODER EXECUTIVO DE COMBATE A DENGUE<b></b></p>\r\n</td>\r\n</tr>\r\n</tbody>\r\n</table>\r\n<p><b>\u00a0</b></p>\r\n<p><b>PEQUENO EXPEDIENTE (ART. 142 R.I.)</b></p>\r\n<p>Nesse espa\u00e7o o vereador poder\u00e1 fazer breves comunica\u00e7\u00f5es ou coment\u00e1rios sobre a mat\u00e9ria relacionada nas proposi\u00e7\u00f5es apresentadas \u00e0 mesa e proposi\u00e7\u00f5es verbais e pedidos de provid\u00eancias, votos de louvor e de pesar. Tempo = no m\u00e1ximo 5 minutos.</p>\r\n<p>\u00a0</p>\r\n<p>\u00a0</p>\r\n<p>\u00a0</p>\r\n<h1>\u00a0</h1>\r\n<h1>ORDEM DOS INSCRITOS \u2013\u00a0\u00a0\u00a0\u00a0\u00a0\u00a0\u00a0\u00a0\u00a0\u00a0\u00a0\u00a0\u00a0\u00a0\u00a0\u00a0\u00a0\u00a0\u00a0\u00a0\u00a0</h1>\r\n<table>\r\n<tbody>\r\n<tr>\r\n<td>\r\n<p>LINDOMAR DURANTI</p>\r\n</td>\r\n</tr>\r\n<tr>\r\n<td>\r\n<p>LIRIO RIGON</p>\r\n</td>\r\n</tr>\r\n<tr>\r\n<td>\r\n<p>ALU\u00cdSIO C. VALLE</p>\r\n</td>\r\n</tr>\r\n<tr>\r\n<td>\r\n<p>EDEMAR MUNERON</p>\r\n</td>\r\n</tr>\r\n<tr>\r\n<td>\r\n<p>FELIPE GHEDINI SANTIN</p>\r\n</td>\r\n</tr>\r\n<tr>\r\n<td>\r\n<p>ARI GIACOMINI</p>\r\n</td>\r\n</tr>\r\n<tr>\r\n<td>\r\n<p>MARCIO SARETO</p>\r\n</td>\r\n</tr>\r\n<tr>\r\n<td>\r\n<p>ALMIR VILLA</p>\r\n</td>\r\n</tr>\r\n</tbody>\r\n</table>\r\n<p align=\"left\">\u00a0</p>\r\n<p align=\"left\">GRANDE EXPEDIENTE (ART. 142 3\u00ba R.I.)</p>\r\n<p>Neste espa\u00e7o o vereador poder\u00e1 comentar assuntos de interesse p\u00fablico em geral.</p>\r\n<h1>ORDEM DOS INSCRITOS \u2013\u00a0\u00a0\u00a0\u00a0\u00a0\u00a0\u00a0\u00a0\u00a0\u00a0\u00a0\u00a0\u00a0\u00a0\u00a0\u00a0\u00a0\u00a0\u00a0\u00a0\u00a0\u00a0\u00a0\u00a0\u00a0\u00a0</h1>\r\n<table>\r\n<tbody>\r\n<tr>\r\n<td>\r\n<p>LINDOMAR DURANTI</p>\r\n</td>\r\n</tr>\r\n<tr>\r\n<td>\r\n<p>LIRIO RIGON</p>\r\n</td>\r\n</tr>\r\n<tr>\r\n<td>\r\n<p>ALU\u00cdSIO C. VALLE</p>\r\n</td>\r\n</tr>\r\n<tr>\r\n<td>\r\n<p>EDEMAR MUNERON</p>\r\n</td>\r\n</tr>\r\n<tr>\r\n<td>\r\n<p>FELIPE GHEDINI SANTIN</p>\r\n</td>\r\n</tr>\r\n<tr>\r\n<td>\r\n<p>ARI GIACOMINI</p>\r\n</td>\r\n</tr>\r\n<tr>\r\n<td>\r\n<p>MARCIO SARETO</p>\r\n</td>\r\n</tr>\r\n<tr>\r\n<td>\r\n<p>ALMIR VILLA</p>\r\n</td>\r\n</tr>\r\n</tbody>\r\n</table>\r\n<h1>\u00a0</h1>\r\n<h1>INTERVALO REGIMENTAL (ART. 127) \u2013 PODE SER SUSPENSO</h1>\r\n<p>\u00a0</p>\r\n<h2>\u00a0</h2>\r\n<h2>\u00a0ORDEM DO DIA</h2>\r\n<p>\u00a0</p>\r\n<table>\r\n<tbody>\r\n<tr>\r\n<td>\r\n<p><b>OF. GAB. N\u00ba. 502/2015 \u2013 </b>ENVIA OS PROJETOS DE LEI N\u00ba. 93 SUBSTITUTIVO, PARA APRECIA\u00c7\u00c3O DO PODER LEGISLATIVO.<b></b></p>\r\n</td>\r\n</tr>\r\n<tr>\r\n<td>\r\n<p><b>PROJETO DE LEI N\u00ba. 93/2015 SUBSTITUTIVO \u2013 </b>AUTORIZA O PODER EXECUTIVO A CELEBRAR CONVENIO COM A AHCROS E D\u00c1 OUTRAS PROVID\u00caNCIAS.<b></b></p>\r\n</td>\r\n</tr>\r\n<tr>\r\n<td>\r\n<p><b>PROJETO DE LEI N\u00ba. 99/2015 \u2013</b> AUTORIZA O PODER EXECUTIVO A PROCEDER A ALIENA\u00c7\u00c3O DE BENS E D\u00c1 OUTRAS PROVID\u00caNCIAS.<b></b></p>\r\n</td>\r\n</tr>\r\n<tr>\r\n<td>\r\n<p><b>PEDIDO DE INDICA\u00c7\u00c3O N\u00ba 01/2016 \u2013 </b>A\u00c7\u00d5ES PELO PODER EXECUTIVO DE COMBATE A DENGUE<b></b></p>\r\n</td>\r\n</tr>\r\n</tbody>\r\n</table>\r\n<p>\u00a0</p>\r\n<p>EXPLICA\u00c7\u00d5ES PESSOAIS (ART. 147 R.I.)</p>\r\n<p>Neste espa\u00e7o o vereador poder\u00e1 falar sobre v\u00e1rios assuntos livremente</p>\r\n<table>\r\n<tbody>\r\n<tr>\r\n<td>\r\n<p>TEMPO A SER DELIMITADO CONFORME O ANDAMENTO DA SESS\u00c3O...</p>\r\n<p>ORDEM DOS INSCRITOS<b></b></p>\r\n</td>\r\n</tr>\r\n<tr>\r\n<td>\r\n<p>LINDOMAR DURANTI</p>\r\n</td>\r\n</tr>\r\n<tr>\r\n<td>\r\n<p>LIRIO RIGON</p>\r\n</td>\r\n</tr>\r\n<tr>\r\n<td>\r\n<p>ALU\u00cdSIO C. VALLE</p>\r\n</td>\r\n</tr>\r\n<tr>\r\n<td>\r\n<p>EDEMAR MUNERON</p>\r\n</td>\r\n</tr>\r\n<tr>\r\n<td>\r\n<p>FELIPE GHEDINI SANTIN</p>\r\n</td>\r\n</tr>\r\n<tr>\r\n<td>\r\n<p>ARI GIACOMINI</p>\r\n</td>\r\n</tr>\r\n<tr>\r\n<td>\r\n<p>MARCIO SARETO</p>\r\n</td>\r\n</tr>\r\n<tr>\r\n<td>\r\n<p>ALMIR VILLA</p>\r\n</td>\r\n</tr>\r\n</tbody>\r\n</table>\r\n<p align=\"center\"><b>\u00a0</b></p>\r\n<p><b>ENCERRAMENTO DA SESS\u00c3O</b></p>\r\n<p><b>Confira o \u00e1udio Completo:\u00a0 <iframe src=\"https://www.opendrive.com/player/NF8xMjk1OTMyNjJfS0xnWG8\" width=\"297\" height=\"25\" frameborder=\"0\"></iframe></b></p>", "author_name": "femarcondes", "version": "1.0", "author_url": "https://www.constantina.rs.leg.br/author/femarcondes", "provider_name": "C\u00e2mara Municipal", "type": "rich"}