{"provider_url": "https://www.constantina.rs.leg.br", "title": "SEGUNDA \u00c9 DIA DE SESS\u00c3O!", "html": "<p><span>NA MANH\u00c3 DESTA SEGUNDA-FEIRA FOI REALIZADA A REUNI\u00c3O DAS COMISS\u00d5ES, NA OPORTUNIDADE OS VEREADORES ESTIVERAM AVALIANDO E DISCUTINDO A RESPEITO DOS PROJETOS ENVIADOS AO LEGISLATIVO, E QUE SER\u00c3O APRECIADOS NA SESS\u00c3O DE HOJE, COM IN\u00cdCIO \u00c0S 18H.</span></p>\r\n<p>TAMB\u00c9M PARTICIPARAM DA REUNI\u00c3O A SECRET\u00c1RIA DA FAZENDA S\u00d4NIA MARIA DA COSTA, E O ASSESSOR JUR\u00cdDICO PATRICK JONATHAN MADAL\u00d3Z, PARA TRATAR DO PROJETO DE LEI N\u00ba 070/2018 - QUE INSTITUI O PROGRAMA DE DESENVOLVIMENTO SUSTENT\u00c1VEL DO MUNIC\u00cdPIO DE CONSTANTINA \u2013 PRODESC.</p>\r\n<p>\u00a0<img src=\"https://www.constantina.rs.leg.br/institucional_com_erro/noticias/Comisses19112018.jpg/@@images/51dd56f3-9609-4bec-93c4-df7aef9db213.jpeg\" alt=\"\" class=\"image-inline\" title=\"\" /></p>\r\n<p>PROJETOS E INDICA\u00c7\u00c3O QUE SER\u00c3O VOTADOS NA SESS\u00c3O DE HOJE:</p>\r\n<p>\u00a0</p>\r\n<p><b>PROJETO DE LEI N\u00ba. 079/2018 -</b> AUTORIZA O PODER EXECUTIVO MUNICIPAL ABRIR CR\u00c9DITO ADICIONAL ESPECIAL, NO VALOR DE R$ 50.000,00 (CINQUENTA MIL REAIS), INCLUI NO PPA, LDO-2018, NA LOA-2018 E APONTA RECURSOS.</p>\r\n<p>\u00a0</p>\r\n<p><b>PROJETO DE LEI N\u00ba. 081/2018 -</b> CONCEDE INCENTIVO PARA IND\u00daSTRIA LOCALIZADA NO MUNIC\u00cdPIO DE CONSTANTINA, ATRAV\u00c9S DE ISEN\u00c7\u00c3O DE IMPOSTO PREDIAL E TERRITORIAL URBANO \u2013 IPTU E D\u00c1 OUTRAS PROVID\u00caNCIAS.</p>\r\n<p>\u00a0</p>\r\n<p><b>INDICA\u00c7\u00c3O N\u00ba 25/2018 -</b> QUE O PODER EXECUTIVO NOMEIE COM URG\u00caNCIA UMA COMISS\u00c3O PARA DEFINI\u00c7\u00c3O DA NOVA \u00c1REA PARA O CEMIT\u00c9RIO. PROPONENTES: VILSON MENEGAZZO, NILDO ZANELLA, SONIA CAMARA LIMA, ARI DIRCEU GIACOMINI E L\u00cdRIO RIGON.</p>", "author_name": "", "version": "1.0", "author_url": "https://www.constantina.rs.leg.br/author/patrick", "provider_name": "C\u00e2mara Municipal", "type": "rich"}